{"id":2274,"date":"2021-07-27T11:19:35","date_gmt":"2021-07-27T15:19:35","guid":{"rendered":"https:\/\/cba.ucb.edu.bo\/blog\/?p=2274"},"modified":"2021-07-27T11:19:35","modified_gmt":"2021-07-27T15:19:35","slug":"que-problema-es-la-esperanza","status":"publish","type":"post","link":"https:\/\/cba.ucb.edu.bo\/blog\/que-problema-es-la-esperanza\/","title":{"rendered":"\u00a1Qu\u00e9 Problema Es La Esperanza!"},"content":{"rendered":"<div class=\"fusion-fullwidth fullwidth-box fusion-builder-row-1 fusion-flex-container nonhundred-percent-fullwidth non-hundred-percent-height-scrolling\" style=\"--awb-border-radius-top-left:0px;--awb-border-radius-top-right:0px;--awb-border-radius-bottom-right:0px;--awb-border-radius-bottom-left:0px;--awb-flex-wrap:wrap;\" ><div class=\"fusion-builder-row fusion-row fusion-flex-align-items-flex-start fusion-flex-content-wrap\" style=\"max-width:1310.4px;margin-left: calc(-4% \/ 2 );margin-right: calc(-4% \/ 2 );\"><div class=\"fusion-layout-column fusion_builder_column fusion-builder-column-0 fusion_builder_column_1_1 1_1 fusion-flex-column\" style=\"--awb-bg-size:cover;--awb-width-large:100%;--awb-margin-top-large:20px;--awb-spacing-right-large:1.92%;--awb-margin-bottom-large:20px;--awb-spacing-left-large:1.92%;--awb-width-medium:100%;--awb-order-medium:0;--awb-spacing-right-medium:1.92%;--awb-spacing-left-medium:1.92%;--awb-width-small:100%;--awb-order-small:0;--awb-spacing-right-small:1.92%;--awb-spacing-left-small:1.92%;\"><div class=\"fusion-column-wrapper fusion-column-has-shadow fusion-flex-justify-content-flex-start fusion-content-layout-column\"><div class=\"fusion-text fusion-text-1\"><p>Edmundo L\u00f3pez Arze<\/p>\n<p><a href=\"mailto:edmundo.lopez@ucb.edu.bo\">edmundo.lopez@ucb.edu.bo<\/a><\/p>\n<p><strong><u>\u00a0<\/u><\/strong><\/p>\n<p>Nuestras luchas y preocupaciones tapan la esperanza. \u2018\u2018El miedo no nos deja ver. Quiz\u00e1 exista un buen ma\u00f1ana\u2019\u2019 reza por\u00a0 ah\u00ed una canci\u00f3n. El fin, objetivo, finalidad de nuestra vida cambi\u00f3 por completo. Vivimos en pos de solucionar problemas sin buscar nuestra vida.<\/p>\n<p>La vida se convierte en un simple proceso de muerte. Pierde la dualidad. Tratamos a la vida de cabrona. Los cabrones somos nosotros por no vivir. Le tememos a la felicidad. El miedo a la lucha por la felicidad nos invade. Nos negamos a verla a la cara.<\/p>\n<p>Solucionar el mundo nos quit\u00f3 el placer de vivir. Olvidamos la vida. Perdimos el objetivo de fondo. Un mundo cansado, un ecosistema colapsado y una humanidad err\u00e1tica (en su mayor\u00eda) se convierten en el centro de nuestra vida.<\/p>\n<p>Nuestro deber en este punto tiene que cambiar. La vida pide a gritos de nosotros. Nos toca tomar la vida. Empezar a sentir y buscarnos como una tarea principal. No debemos dejar de lado al planeta. Es muy importante el \u2018\u2018d\u00f3nde\u2019\u2019. No podemos pretender un buen\u00b4\u00b4 donde\u00b4\u00b4 sin antes trabajar nuestro \u2018\u2018donde\u2019\u2019 interno.<\/p>\n<p>La esperanza es lo \u00faltimo que muere. Nosotros ahuyentamos la esperanza por privilegiar nuestros problemas. Logramos que la esperanza no muera al \u00faltimo sino antes que cualquier otra cosa.<\/p>\n<p>Los sentimientos han quedado a la deriva. La gente ya no ama. La falta de amor est\u00e1 reflejada en nuestro planeta. Sin amor propio es casi imposible amar algo m\u00e1s. Comencemos la tarea m\u00e1s dif\u00edcil a\u00fan que salvar el planeta: amar sin l\u00edmite.<\/p>\n<p>Terminen con los te quiero de segunda mano. Den todo. Las buenas intenciones no bastan, debemos ponerlas en pr\u00e1ctica. Dejen de lado esa man\u00eda de gastar la energ\u00eda en lo provisional. Encu\u00e9ntrense antes de pedir m\u00e1s. Quieranse en soledad para poder querer a los dem\u00e1s.<\/p>\n<p>Amemos al l\u00edmite. Amemos la vida. Sintamos al m\u00e1ximo. Cambiemos nuestra realidad y paradigma. Al final del d\u00eda, el aprendizaje m\u00e1s importante es ese. Empezar a amar m\u00e1s la vida,\u00a0 nuestro alrededor e incluso a las personas. Mientras uno se deshaga de amor, jam\u00e1s perder\u00e1 de vista lo bonito de la vida.<\/p>\n<p>Desh\u00e1ganse de amor. sufran cuando corresponda. Pero nunca, absolutamente nunca, se guarden nada. siempre den todo lo que puedan y m\u00e1s. As\u00ed, en los \u00faltimos d\u00edas, no tendr\u00e1n nada que reprocharse. As\u00ed su vida habr\u00e1 sido una colecci\u00f3n de innumerables fotograf\u00edas dignas de admirar.<\/p>\n<\/div><\/div><\/div><\/div><\/div>\n","protected":false},"excerpt":{"rendered":"","protected":false},"author":1,"featured_media":2275,"comment_status":"open","ping_status":"open","sticky":false,"template":"","format":"standard","meta":{"inline_featured_image":false,"_joinchat":[],"footnotes":""},"categories":[5],"tags":[],"class_list":["post-2274","post","type-post","status-publish","format-standard","has-post-thumbnail","hentry","category-tips"],"_links":{"self":[{"href":"https:\/\/cba.ucb.edu.bo\/blog\/wp-json\/wp\/v2\/posts\/2274","targetHints":{"allow":["GET"]}}],"collection":[{"href":"https:\/\/cba.ucb.edu.bo\/blog\/wp-json\/wp\/v2\/posts"}],"about":[{"href":"https:\/\/cba.ucb.edu.bo\/blog\/wp-json\/wp\/v2\/types\/post"}],"author":[{"embeddable":true,"href":"https:\/\/cba.ucb.edu.bo\/blog\/wp-json\/wp\/v2\/users\/1"}],"replies":[{"embeddable":true,"href":"https:\/\/cba.ucb.edu.bo\/blog\/wp-json\/wp\/v2\/comments?post=2274"}],"version-history":[{"count":1,"href":"https:\/\/cba.ucb.edu.bo\/blog\/wp-json\/wp\/v2\/posts\/2274\/revisions"}],"predecessor-version":[{"id":2276,"href":"https:\/\/cba.ucb.edu.bo\/blog\/wp-json\/wp\/v2\/posts\/2274\/revisions\/2276"}],"wp:featuredmedia":[{"embeddable":true,"href":"https:\/\/cba.ucb.edu.bo\/blog\/wp-json\/wp\/v2\/media\/2275"}],"wp:attachment":[{"href":"https:\/\/cba.ucb.edu.bo\/blog\/wp-json\/wp\/v2\/media?parent=2274"}],"wp:term":[{"taxonomy":"category","embeddable":true,"href":"https:\/\/cba.ucb.edu.bo\/blog\/wp-json\/wp\/v2\/categories?post=2274"},{"taxonomy":"post_tag","embeddable":true,"href":"https:\/\/cba.ucb.edu.bo\/blog\/wp-json\/wp\/v2\/tags?post=2274"}],"curies":[{"name":"wp","href":"https:\/\/api.w.org\/{rel}","templated":true}]}}